{"id":269,"date":"2023-11-28T06:34:00","date_gmt":"2023-11-28T05:34:00","guid":{"rendered":"https:\/\/lifepact.kegw.krakow.pl\/?p=269"},"modified":"2025-04-30T06:43:05","modified_gmt":"2025-04-30T04:43:05","slug":"jak-bedzie-wygladal-skwer-na-rogu-ulic-witosa-i-golaski-w-krakowie-kolejne-warsztaty-z-mieszkancami","status":"publish","type":"post","link":"https:\/\/lifepact.kegw.krakow.pl\/en\/2023\/11\/28\/jak-bedzie-wygladal-skwer-na-rogu-ulic-witosa-i-golaski-w-krakowie-kolejne-warsztaty-z-mieszkancami\/","title":{"rendered":"What will the square at the corner of Witosa and Go\u0142a\u015bki streets in Krak\u00f3w look like? Another workshop with residents"},"content":{"rendered":"<div data-elementor-type=\"wp-post\" data-elementor-id=\"269\" class=\"elementor elementor-269\">\n\t\t\t\t<div class=\"elementor-element elementor-element-43010b8 e-con-full e-flex e-con e-parent\" data-id=\"43010b8\" data-element_type=\"container\">\n\t\t\t\t<div class=\"elementor-element elementor-element-a968017 elementor-widget__width-inherit elementor-widget elementor-widget-text-editor\" data-id=\"a968017\" data-element_type=\"widget\" data-widget_type=\"text-editor.default\">\n\t\t\t\t<div class=\"elementor-widget-container\">\n\t\t\t\t\t\t\t\t\t<p>We are about to begin consultations with the residents of Podg\u00f3rze Duchackie, aimed at developing a shared concept for the use of the area. All as part of the EU Life Pact programme \u2013 adapting the city to the needs of tomorrow.<\/p>\t\t\t\t\t\t\t\t<\/div>\n\t\t\t\t<\/div>\n\t\t\t\t<div class=\"elementor-element elementor-element-1ff061a elementor-widget__width-inherit elementor-widget elementor-widget-text-editor\" data-id=\"1ff061a\" data-element_type=\"widget\" data-widget_type=\"text-editor.default\">\n\t\t\t\t<div class=\"elementor-widget-container\">\n\t\t\t\t\t\t\t\t\t<p>What will change here? What do the residents of nearby neighborhoods care about? What is missing in this space? Trees, green areas, a place to relax \u2013 or maybe a rain garden?<\/p><p>We are waiting for You and Your ideas!<\/p><p>The workshop will take place tomorrow, November 29, at 5:30 PM at Primary School No. 55 named after J. Iwaszkiewicz, located at 20 Dobczycka Street.<\/p>\t\t\t\t\t\t\t\t<\/div>\n\t\t\t\t<\/div>\n\t\t\t\t<\/div>\n\t\t<div class=\"elementor-element elementor-element-583df3a e-grid e-con-full e-con e-parent\" data-id=\"583df3a\" data-element_type=\"container\">\n\t\t\t\t<div class=\"elementor-element elementor-element-8aef662 elementor-widget elementor-widget-image\" data-id=\"8aef662\" data-element_type=\"widget\" data-widget_type=\"image.default\">\n\t\t\t\t<div class=\"elementor-widget-container\">\n\t\t\t\t\t\t\t\t\t\t\t\t\t\t\t<img fetchpriority=\"high\" decoding=\"async\" width=\"1024\" height=\"768\" src=\"https:\/\/lifepact.kegw.krakow.pl\/wp-content\/uploads\/2023\/11\/image54-1024x768.png\" class=\"attachment-large size-large wp-image-273\" alt=\"\" srcset=\"https:\/\/lifepact.kegw.krakow.pl\/wp-content\/uploads\/2023\/11\/image54-1024x768.png 1024w, https:\/\/lifepact.kegw.krakow.pl\/wp-content\/uploads\/2023\/11\/image54-300x225.png 300w, https:\/\/lifepact.kegw.krakow.pl\/wp-content\/uploads\/2023\/11\/image54-768x576.png 768w, https:\/\/lifepact.kegw.krakow.pl\/wp-content\/uploads\/2023\/11\/image54-1536x1152.png 1536w, https:\/\/lifepact.kegw.krakow.pl\/wp-content\/uploads\/2023\/11\/image54-16x12.png 16w, https:\/\/lifepact.kegw.krakow.pl\/wp-content\/uploads\/2023\/11\/image54.png 1600w\" sizes=\"(max-width: 1024px) 100vw, 1024px\" \/>\t\t\t\t\t\t\t\t\t\t\t\t\t\t\t<\/div>\n\t\t\t\t<\/div>\n\t\t\t\t<div class=\"elementor-element elementor-element-eaff8ea elementor-widget elementor-widget-image\" data-id=\"eaff8ea\" data-element_type=\"widget\" data-widget_type=\"image.default\">\n\t\t\t\t<div class=\"elementor-widget-container\">\n\t\t\t\t\t\t\t\t\t\t\t\t\t\t\t<img decoding=\"async\" width=\"1024\" height=\"768\" src=\"https:\/\/lifepact.kegw.krakow.pl\/wp-content\/uploads\/2023\/11\/image53-1024x768.png\" class=\"attachment-large size-large wp-image-272\" alt=\"\" srcset=\"https:\/\/lifepact.kegw.krakow.pl\/wp-content\/uploads\/2023\/11\/image53-1024x768.png 1024w, https:\/\/lifepact.kegw.krakow.pl\/wp-content\/uploads\/2023\/11\/image53-300x225.png 300w, https:\/\/lifepact.kegw.krakow.pl\/wp-content\/uploads\/2023\/11\/image53-768x576.png 768w, https:\/\/lifepact.kegw.krakow.pl\/wp-content\/uploads\/2023\/11\/image53-1536x1152.png 1536w, https:\/\/lifepact.kegw.krakow.pl\/wp-content\/uploads\/2023\/11\/image53-16x12.png 16w, https:\/\/lifepact.kegw.krakow.pl\/wp-content\/uploads\/2023\/11\/image53.png 1600w\" sizes=\"(max-width: 1024px) 100vw, 1024px\" \/>\t\t\t\t\t\t\t\t\t\t\t\t\t\t\t<\/div>\n\t\t\t\t<\/div>\n\t\t\t\t<div class=\"elementor-element elementor-element-2c043aa elementor-widget elementor-widget-image\" data-id=\"2c043aa\" data-element_type=\"widget\" data-widget_type=\"image.default\">\n\t\t\t\t<div class=\"elementor-widget-container\">\n\t\t\t\t\t\t\t\t\t\t\t\t\t\t\t<img decoding=\"async\" width=\"1024\" height=\"768\" src=\"https:\/\/lifepact.kegw.krakow.pl\/wp-content\/uploads\/2023\/11\/image55-1024x768.png\" class=\"attachment-large size-large wp-image-274\" alt=\"\" srcset=\"https:\/\/lifepact.kegw.krakow.pl\/wp-content\/uploads\/2023\/11\/image55-1024x768.png 1024w, https:\/\/lifepact.kegw.krakow.pl\/wp-content\/uploads\/2023\/11\/image55-300x225.png 300w, https:\/\/lifepact.kegw.krakow.pl\/wp-content\/uploads\/2023\/11\/image55-768x576.png 768w, https:\/\/lifepact.kegw.krakow.pl\/wp-content\/uploads\/2023\/11\/image55-1536x1152.png 1536w, https:\/\/lifepact.kegw.krakow.pl\/wp-content\/uploads\/2023\/11\/image55-16x12.png 16w, https:\/\/lifepact.kegw.krakow.pl\/wp-content\/uploads\/2023\/11\/image55.png 1600w\" sizes=\"(max-width: 1024px) 100vw, 1024px\" \/>\t\t\t\t\t\t\t\t\t\t\t\t\t\t\t<\/div>\n\t\t\t\t<\/div>\n\t\t\t\t<div class=\"elementor-element elementor-element-caa2875 elementor-widget elementor-widget-image\" data-id=\"caa2875\" data-element_type=\"widget\" data-widget_type=\"image.default\">\n\t\t\t\t<div class=\"elementor-widget-container\">\n\t\t\t\t\t\t\t\t\t\t\t\t\t\t\t<img loading=\"lazy\" decoding=\"async\" width=\"1024\" height=\"768\" src=\"https:\/\/lifepact.kegw.krakow.pl\/wp-content\/uploads\/2023\/11\/image56-1024x768.png\" class=\"attachment-large size-large wp-image-275\" alt=\"\" srcset=\"https:\/\/lifepact.kegw.krakow.pl\/wp-content\/uploads\/2023\/11\/image56-1024x768.png 1024w, https:\/\/lifepact.kegw.krakow.pl\/wp-content\/uploads\/2023\/11\/image56-300x225.png 300w, https:\/\/lifepact.kegw.krakow.pl\/wp-content\/uploads\/2023\/11\/image56-768x576.png 768w, https:\/\/lifepact.kegw.krakow.pl\/wp-content\/uploads\/2023\/11\/image56-1536x1152.png 1536w, https:\/\/lifepact.kegw.krakow.pl\/wp-content\/uploads\/2023\/11\/image56-16x12.png 16w, https:\/\/lifepact.kegw.krakow.pl\/wp-content\/uploads\/2023\/11\/image56.png 1600w\" sizes=\"(max-width: 1024px) 100vw, 1024px\" \/>\t\t\t\t\t\t\t\t\t\t\t\t\t\t\t<\/div>\n\t\t\t\t<\/div>\n\t\t\t\t<\/div>\n\t\t<div class=\"elementor-element elementor-element-1d51e44 e-con-full e-flex e-con e-parent\" data-id=\"1d51e44\" data-element_type=\"container\">\n\t\t\t\t<div class=\"elementor-element elementor-element-a2646cc elementor-widget elementor-widget-text-editor\" data-id=\"a2646cc\" data-element_type=\"widget\" data-widget_type=\"text-editor.default\">\n\t\t\t\t<div class=\"elementor-widget-container\">\n\t\t\t\t\t\t\t\t\t<p>What is the Life Pact about?<\/p><p>Its aim is to build local partnerships and support nature-based initiatives in the city. It is the residents of Krak\u00f3w who decide on their immediate surroundings by carrying out a transformation of several Krak\u00f3w plots located near residential neighborhoods.<\/p><p>The method of introducing more greenery and flowers into urban agglomerations has been supported by EU funding.<\/p><p>In the capital of Ma\u0142opolska, the project began with district councilors submitting proposed locations, from which, based on analyses and local visions, the most suitable sites for revitalization were selected. Following workshops conducted with residents, final concept plans are being developed.<\/p>\t\t\t\t\t\t\t\t<\/div>\n\t\t\t\t<\/div>\n\t\t\t\t<\/div>\n\t\t\t\t<\/div>","protected":false},"excerpt":{"rendered":"<p>Ahead of us are consultations with the residents of Podg\u00f3rze Duchackie, aimed at developing a shared concept for the use of the area. All as part of the EU Life Pact programme \u2013 adapting the city to the needs of tomorrow.\nWhat will change here? What do residents of the nearby neighborhoods care about? What\u2019s missing in this space? Trees, green areas, a place to relax \u2013 or maybe a rain garden?\nWe\u2019re waiting for you and your ideas! The workshop will take place tomorrow, November 29, at 5:30 PM at Primary School No. 55 [\u2026]<\/p>","protected":false},"author":5,"featured_media":270,"comment_status":"open","ping_status":"open","sticky":false,"template":"","format":"standard","meta":{"footnotes":""},"categories":[2],"tags":[],"class_list":["post-269","post","type-post","status-publish","format-standard","has-post-thumbnail","hentry","category-aktualnosci"],"_links":{"self":[{"href":"https:\/\/lifepact.kegw.krakow.pl\/en\/wp-json\/wp\/v2\/posts\/269","targetHints":{"allow":["GET"]}}],"collection":[{"href":"https:\/\/lifepact.kegw.krakow.pl\/en\/wp-json\/wp\/v2\/posts"}],"about":[{"href":"https:\/\/lifepact.kegw.krakow.pl\/en\/wp-json\/wp\/v2\/types\/post"}],"author":[{"embeddable":true,"href":"https:\/\/lifepact.kegw.krakow.pl\/en\/wp-json\/wp\/v2\/users\/5"}],"replies":[{"embeddable":true,"href":"https:\/\/lifepact.kegw.krakow.pl\/en\/wp-json\/wp\/v2\/comments?post=269"}],"version-history":[{"count":4,"href":"https:\/\/lifepact.kegw.krakow.pl\/en\/wp-json\/wp\/v2\/posts\/269\/revisions"}],"predecessor-version":[{"id":278,"href":"https:\/\/lifepact.kegw.krakow.pl\/en\/wp-json\/wp\/v2\/posts\/269\/revisions\/278"}],"wp:featuredmedia":[{"embeddable":true,"href":"https:\/\/lifepact.kegw.krakow.pl\/en\/wp-json\/wp\/v2\/media\/270"}],"wp:attachment":[{"href":"https:\/\/lifepact.kegw.krakow.pl\/en\/wp-json\/wp\/v2\/media?parent=269"}],"wp:term":[{"taxonomy":"category","embeddable":true,"href":"https:\/\/lifepact.kegw.krakow.pl\/en\/wp-json\/wp\/v2\/categories?post=269"},{"taxonomy":"post_tag","embeddable":true,"href":"https:\/\/lifepact.kegw.krakow.pl\/en\/wp-json\/wp\/v2\/tags?post=269"}],"curies":[{"name":"wp","href":"https:\/\/api.w.org\/{rel}","templated":true}]}}