{"id":279,"date":"2023-11-30T06:45:00","date_gmt":"2023-11-30T05:45:00","guid":{"rendered":"https:\/\/lifepact.kegw.krakow.pl\/?p=279"},"modified":"2025-04-30T07:01:41","modified_gmt":"2025-04-30T05:01:41","slug":"przygotuj-siebie-i-krakow-na-zmiany-klimatyczne-czyli-ii-wienczace-spotkanie-z-mieszkancami-pracujacymi-nad-rewitalizacja-skweru-przy-ehrenberga","status":"publish","type":"post","link":"https:\/\/lifepact.kegw.krakow.pl\/en\/2023\/11\/30\/przygotuj-siebie-i-krakow-na-zmiany-klimatyczne-czyli-ii-wienczace-spotkanie-z-mieszkancami-pracujacymi-nad-rewitalizacja-skweru-przy-ehrenberga\/","title":{"rendered":"Prepare Yourself and Krak\u00f3w for Climate Change, or the Second and Final Meeting with Residents Working on the Revitalization of the Square at Ehrenberga"},"content":{"rendered":"<div data-elementor-type=\"wp-post\" data-elementor-id=\"279\" class=\"elementor elementor-279\">\n\t\t\t\t<div class=\"elementor-element elementor-element-9459b76 e-con-full e-flex e-con e-parent\" data-id=\"9459b76\" data-element_type=\"container\">\n\t\t\t\t<div class=\"elementor-element elementor-element-af23d14 elementor-widget elementor-widget-text-editor\" data-id=\"af23d14\" data-element_type=\"widget\" data-widget_type=\"text-editor.default\">\n\t\t\t\t<div class=\"elementor-widget-container\">\n\t\t\t\t\t\t\t\t\t<p>Teren przy ul.\u00a0Ehrenberga zosta\u0142 wybrany jako jedno z\u00a0kilku miejsc, kt\u00f3re niebawem zmieni si\u0119 dzi\u0119ki unijnym \u015brodkom w\u00a0ramach projektu Life Pact. Przygotowania koordynuje miejska jednostka <a href=\"https:\/\/www.facebook.com\/kegw.krakow?__cft__%5b0%5d=AZUmhy4UJlZ36UeMQCp9Ho3YTVf6BuZ3EI5Od8W8xjGpjXW67zEZUv54zwmNtK5XSg3c9WZ9Rb85MKiDe3VyW7TzfKLJ8nK5FTdMTO-mTEFK4BbnqujqMY3UinhdqfD0GTk&amp;__tn__=-%5dK-R\" target=\"_blank\" rel=\"noopener\">Klimat-Energia-Gospodarka Wodna<\/a>, odpowiedzialna m.in.\u00a0za\u00a0adaptacj\u0119 <a href=\"https:\/\/www.facebook.com\/wwwKrakowPL?__cft__%5b0%5d=AZUmhy4UJlZ36UeMQCp9Ho3YTVf6BuZ3EI5Od8W8xjGpjXW67zEZUv54zwmNtK5XSg3c9WZ9Rb85MKiDe3VyW7TzfKLJ8nK5FTdMTO-mTEFK4BbnqujqMY3UinhdqfD0GTk&amp;__tn__=-%5dK-R\" target=\"_blank\" rel=\"noopener\">Krak\u00f3w PL<\/a> do\u00a0zmian klimatycznych. Ju\u017c dzi\u015b o\u00a0godzinie 17:30 odb\u0119dzie si\u0119 drugie spotkanie z\u00a0mieszka\u0144cami, projektantami, przedsi\u0119biorcami, radnymi dzielnicowymi i\u00a0urz\u0119dnikami. Wszystko po\u00a0to, by\u00a0wsp\u00f3lnie podj\u0105\u0107 decyzje o\u00a0zmianie, kt\u00f3ra\u00a0dokonuje si\u0119 na\u00a0osiedlu.<\/p>\t\t\t\t\t\t\t\t<\/div>\n\t\t\t\t<\/div>\n\t\t\t\t<div class=\"elementor-element elementor-element-629e62b elementor-widget elementor-widget-text-editor\" data-id=\"629e62b\" data-element_type=\"widget\" data-widget_type=\"text-editor.default\">\n\t\t\t\t<div class=\"elementor-widget-container\">\n\t\t\t\t\t\t\t\t\t<p>Trawnik zamiast zniszczonej kostki, nowe nasadzenia drzew i\u00a0krzew\u00f3w, wiata, \u0142awka, czy\u00a0ogr\u00f3d deszczowy? Ze\u00a0spotkania na\u00a0spotkanie przybywa pomys\u0142\u00f3w mieszka\u0144c\u00f3w s\u0142u\u017c\u0105cych adaptacji miasta do\u00a0zmian klimatu i\u00a0na\u015bladuj\u0105cych natur\u0119. To\u00a0rozwi\u0105zania typu nature-based solutions (NBS). Ich wdra\u017canie pokazuje, \u017ce\u00a0tam, gdzie zyskuje przyroda, zyskuj\u0105 te\u017c ludzie i\u00a0zyskuje miasto, bo\u00a0staje si\u0119 bardziej odporne na\u00a0zmiany klimatu. Urz\u0105dzona ziele\u0144 w\u00a0miejscu zaniedbanego dzikiego parkingu przy ul.\u00a0Ehrenberga z\u0142agodzi wahania temperatury, pozwoli przyrodzie rozwija\u0107 si\u0119 i\u00a0zwi\u0119kszy ma\u0142\u0105 retencj\u0119. <a href=\"https:\/\/www.facebook.com\/krakow.w.dobrym.klimacie?__cft__%5b0%5d=AZUmhy4UJlZ36UeMQCp9Ho3YTVf6BuZ3EI5Od8W8xjGpjXW67zEZUv54zwmNtK5XSg3c9WZ9Rb85MKiDe3VyW7TzfKLJ8nK5FTdMTO-mTEFK4BbnqujqMY3UinhdqfD0GTk&amp;__tn__=-%5dK-R\" target=\"_blank\" rel=\"noopener\">Krak\u00f3w w\u00a0dobrym klimacie<\/a><\/p><p>Koncepcyjny projekt zostanie dzi\u015b ponownie wzi\u0119ty na\u00a0warsztat na\u00a0godzin\u0119 17.30 w\u00a0sali w\u00a0XIV Liceum Og\u00f3lnokszta\u0142c\u0105cym przy ul.\u00a0Che\u0142mo\u0144skiego 24. Jednostka <a href=\"https:\/\/www.facebook.com\/hashtag\/kegw?__eep__=6&amp;__cft__%5b0%5d=AZUmhy4UJlZ36UeMQCp9Ho3YTVf6BuZ3EI5Od8W8xjGpjXW67zEZUv54zwmNtK5XSg3c9WZ9Rb85MKiDe3VyW7TzfKLJ8nK5FTdMTO-mTEFK4BbnqujqMY3UinhdqfD0GTk&amp;__tn__=*NK-R\" target=\"_blank\" rel=\"noopener\">#KEGW<\/a> zaprasza o udzia\u0142u, czekamy na Was i wasze pomys\u0142y!<\/p>\t\t\t\t\t\t\t\t<\/div>\n\t\t\t\t<\/div>\n\t\t\t\t<\/div>\n\t\t<div class=\"elementor-element elementor-element-66fc0b2 e-con-full e-flex e-con e-parent\" data-id=\"66fc0b2\" data-element_type=\"container\">\n\t\t\t\t<div class=\"elementor-element elementor-element-32d38e3 elementor-widget elementor-widget-image\" data-id=\"32d38e3\" data-element_type=\"widget\" data-widget_type=\"image.default\">\n\t\t\t\t<div class=\"elementor-widget-container\">\n\t\t\t\t\t\t\t\t\t\t\t\t\t\t\t<img fetchpriority=\"high\" decoding=\"async\" width=\"724\" height=\"1024\" src=\"https:\/\/lifepact.kegw.krakow.pl\/wp-content\/uploads\/2023\/11\/image5956789-724x1024.png\" class=\"attachment-large size-large wp-image-282\" alt=\"\" srcset=\"https:\/\/lifepact.kegw.krakow.pl\/wp-content\/uploads\/2023\/11\/image5956789-724x1024.png 724w, https:\/\/lifepact.kegw.krakow.pl\/wp-content\/uploads\/2023\/11\/image5956789-212x300.png 212w, https:\/\/lifepact.kegw.krakow.pl\/wp-content\/uploads\/2023\/11\/image5956789-8x12.png 8w, https:\/\/lifepact.kegw.krakow.pl\/wp-content\/uploads\/2023\/11\/image5956789.png 760w\" sizes=\"(max-width: 724px) 100vw, 724px\" \/>\t\t\t\t\t\t\t\t\t\t\t\t\t\t\t<\/div>\n\t\t\t\t<\/div>\n\t\t\t\t<\/div>\n\t\t\t\t<\/div>","protected":false},"excerpt":{"rendered":"<p>The area at Ehrenberga Street has been selected as one of several places that will soon change thanks to EU funds within the Life Pact project. The preparations are coordinated by the municipal unit Climate-Energy-Water Management, responsible among other things for adapting Krak\u00f3w PL to climate change. Today at 5:30 PM, the second meeting will take place with residents, designers, entrepreneurs, district councilors, and officials. All this is to jointly make decisions about the changes happening in the neighborhood. [\u2026]<\/p>","protected":false},"author":5,"featured_media":280,"comment_status":"open","ping_status":"open","sticky":false,"template":"","format":"standard","meta":{"footnotes":""},"categories":[2],"tags":[15,14,6,8,13],"class_list":["post-279","post","type-post","status-publish","format-standard","has-post-thumbnail","hentry","category-aktualnosci","tag-chelmonskiego","tag-ehrenberga","tag-life-pact","tag-nbs","tag-ziw"],"_links":{"self":[{"href":"https:\/\/lifepact.kegw.krakow.pl\/en\/wp-json\/wp\/v2\/posts\/279","targetHints":{"allow":["GET"]}}],"collection":[{"href":"https:\/\/lifepact.kegw.krakow.pl\/en\/wp-json\/wp\/v2\/posts"}],"about":[{"href":"https:\/\/lifepact.kegw.krakow.pl\/en\/wp-json\/wp\/v2\/types\/post"}],"author":[{"embeddable":true,"href":"https:\/\/lifepact.kegw.krakow.pl\/en\/wp-json\/wp\/v2\/users\/5"}],"replies":[{"embeddable":true,"href":"https:\/\/lifepact.kegw.krakow.pl\/en\/wp-json\/wp\/v2\/comments?post=279"}],"version-history":[{"count":5,"href":"https:\/\/lifepact.kegw.krakow.pl\/en\/wp-json\/wp\/v2\/posts\/279\/revisions"}],"predecessor-version":[{"id":286,"href":"https:\/\/lifepact.kegw.krakow.pl\/en\/wp-json\/wp\/v2\/posts\/279\/revisions\/286"}],"wp:featuredmedia":[{"embeddable":true,"href":"https:\/\/lifepact.kegw.krakow.pl\/en\/wp-json\/wp\/v2\/media\/280"}],"wp:attachment":[{"href":"https:\/\/lifepact.kegw.krakow.pl\/en\/wp-json\/wp\/v2\/media?parent=279"}],"wp:term":[{"taxonomy":"category","embeddable":true,"href":"https:\/\/lifepact.kegw.krakow.pl\/en\/wp-json\/wp\/v2\/categories?post=279"},{"taxonomy":"post_tag","embeddable":true,"href":"https:\/\/lifepact.kegw.krakow.pl\/en\/wp-json\/wp\/v2\/tags?post=279"}],"curies":[{"name":"wp","href":"https:\/\/api.w.org\/{rel}","templated":true}]}}