{"id":288,"date":"2023-12-04T07:22:00","date_gmt":"2023-12-04T06:22:00","guid":{"rendered":"https:\/\/lifepact.kegw.krakow.pl\/?p=288"},"modified":"2025-08-14T14:36:37","modified_gmt":"2025-08-14T12:36:37","slug":"mieszkancy-zdecydowali-tak-zmieni-sie-skwer-przy-ehrenberga-i-chelmonskiego","status":"publish","type":"post","link":"https:\/\/lifepact.kegw.krakow.pl\/en\/2023\/12\/04\/mieszkancy-zdecydowali-tak-zmieni-sie-skwer-przy-ehrenberga-i-chelmonskiego\/","title":{"rendered":"Residents have decided \u2014 this is how the square at Ehrenberga and Che\u0142mo\u0144skiego will change"},"content":{"rendered":"<div data-elementor-type=\"wp-post\" data-elementor-id=\"288\" class=\"elementor elementor-288\">\n\t\t\t\t<div class=\"elementor-element elementor-element-0d53a94 e-con-full e-flex e-con e-parent\" data-id=\"0d53a94\" data-element_type=\"container\">\n\t\t\t\t<div class=\"elementor-element elementor-element-d25ed61 elementor-widget elementor-widget-text-editor\" data-id=\"d25ed61\" data-element_type=\"widget\" data-widget_type=\"text-editor.default\">\n\t\t\t\t<div class=\"elementor-widget-container\">\n\t\t\t\t\t\t\t\t\t<p>Pi\u0119\u0107 lokalizacji, na\u00a0kt\u00f3re Krak\u00f3w otrzyma\u0142 unijne pieni\u0105dze, zmieni si\u0119 tak, by\u00a0dostosowa\u0107 stolic\u0119 Ma\u0142opolski do\u00a0zmian klimatycznych. Jednym z\u00a0tych miejsc jest zabetonowany obecnie teren u\u00a0zbiegu ulic Ehrenberga i\u00a0Che\u0142mo\u0144skiego na\u00a0Azorach. Stanie si\u0119 on\u00a0wkr\u00f3tce zielon\u0105 enklaw\u0105, o\u00a0kt\u00f3rej kszta\u0142cie zadecydowali w\u00a0du\u017cym stopniu sami mieszka\u0144cy. Jak b\u0119dzie wygl\u0105da\u0142 ten skwer?<\/p><p>Koordynatorem projektu Life Pact, finansowanego ze\u00a0\u015brodk\u00f3w Komisji Europejskiej, jest jednostka miejska Klimat-Energia-Gospodarka Wodna.\u00a0Krak\u00f3w wraz z\u00a0partnerami: belgijskim Leuven i\u00a0hiszpa\u0144skim Madrytem, pozyska\u0142 400 tysi\u0119cy euro ze\u00a0\u015brodk\u00f3w unijnych na\u00a0przywr\u00f3cenie zieleni w\u00a0mie\u015bcie.<\/p><p><strong>Tak\u00a0b\u0119dzie wygl\u0105da\u0142 skwer przy Ehrenberga<\/strong><\/p><p>Na\u00a0pierwsze spotkanie w\u00a0sprawie rewitalizacji gminnej dzia\u0142ki przy ulicy Ehrenberga przysz\u0142o 50 os\u00f3b. Zostali tak\u017ce zaproszeni projektanci zieleni wy\u0142onieni w\u00a0konkursie. To\u00a0firma Land Art Projekt, kt\u00f3ra\u00a0na\u00a0bazie zebranych pomys\u0142\u00f3w przygotowa\u0142a koncepcj\u0119 zagospodarowania tego terenu. W\u00a0projekcie chodzi bowiem o\u00a0to, by\u00a0wszystkie grupy, ale\u00a0przede wszystkim mieszka\u0144cy,\u00a0 wsp\u00f3lnie zaplanowa\u0142y przestrze\u0144 na\u00a0nowo.<\/p><p>Mieszka\u0144cy w\u00a0czasie pierwszego spotkania, po\u0142\u0105czonego z\u00a0warsztatami, byli zgodni, \u017ce\u00a0ze\u00a0skweru przy skrzy\u017cowaniu ulic Ehrenberga i\u00a0Che\u0142mo\u0144skiego powinna znikn\u0105\u0107 dzika infrastruktura samochodowa, a\u00a0beton i\u00a0kostk\u0119 nale\u017cy zast\u0105pi\u0107 kwiatami, krzewami i\u00a0drzewami.<\/p>\t\t\t\t\t\t\t\t<\/div>\n\t\t\t\t<\/div>\n\t\t\t\t<\/div>\n\t\t<div class=\"elementor-element elementor-element-fbb7395 e-con-full e-flex e-con e-parent\" data-id=\"fbb7395\" data-element_type=\"container\">\n\t\t<div class=\"elementor-element elementor-element-e4d25df e-con-full e-flex e-con e-child\" data-id=\"e4d25df\" data-element_type=\"container\">\n\t\t\t\t<div class=\"elementor-element elementor-element-8ec9c68 elementor-widget elementor-widget-image\" data-id=\"8ec9c68\" data-element_type=\"widget\" data-widget_type=\"image.default\">\n\t\t\t\t<div class=\"elementor-widget-container\">\n\t\t\t\t\t\t\t\t\t\t\t\t\t\t\t<img fetchpriority=\"high\" decoding=\"async\" width=\"1024\" height=\"576\" src=\"https:\/\/lifepact.kegw.krakow.pl\/wp-content\/uploads\/2023\/12\/image61-1024x576.png\" class=\"attachment-large size-large wp-image-293\" alt=\"\" srcset=\"https:\/\/lifepact.kegw.krakow.pl\/wp-content\/uploads\/2023\/12\/image61-1024x576.png 1024w, https:\/\/lifepact.kegw.krakow.pl\/wp-content\/uploads\/2023\/12\/image61-300x169.png 300w, https:\/\/lifepact.kegw.krakow.pl\/wp-content\/uploads\/2023\/12\/image61-768x432.png 768w, https:\/\/lifepact.kegw.krakow.pl\/wp-content\/uploads\/2023\/12\/image61-1536x864.png 1536w, https:\/\/lifepact.kegw.krakow.pl\/wp-content\/uploads\/2023\/12\/image61-18x10.png 18w, https:\/\/lifepact.kegw.krakow.pl\/wp-content\/uploads\/2023\/12\/image61.png 1920w\" sizes=\"(max-width: 1024px) 100vw, 1024px\" \/>\t\t\t\t\t\t\t\t\t\t\t\t\t\t\t<\/div>\n\t\t\t\t<\/div>\n\t\t\t\t<\/div>\n\t\t<div class=\"elementor-element elementor-element-83ae494 e-con-full e-flex e-con e-child\" data-id=\"83ae494\" data-element_type=\"container\">\n\t\t\t\t<div class=\"elementor-element elementor-element-79eee72 elementor-widget elementor-widget-image\" data-id=\"79eee72\" data-element_type=\"widget\" data-widget_type=\"image.default\">\n\t\t\t\t<div class=\"elementor-widget-container\">\n\t\t\t\t\t\t\t\t\t\t\t\t\t\t\t<img decoding=\"async\" width=\"1024\" height=\"576\" src=\"https:\/\/lifepact.kegw.krakow.pl\/wp-content\/uploads\/2024\/09\/image121-1024x576.jpeg\" class=\"attachment-large size-large wp-image-499\" alt=\"\" srcset=\"https:\/\/lifepact.kegw.krakow.pl\/wp-content\/uploads\/2024\/09\/image121-1024x576.jpeg 1024w, https:\/\/lifepact.kegw.krakow.pl\/wp-content\/uploads\/2024\/09\/image121-300x169.jpeg 300w, https:\/\/lifepact.kegw.krakow.pl\/wp-content\/uploads\/2024\/09\/image121-768x432.jpeg 768w, https:\/\/lifepact.kegw.krakow.pl\/wp-content\/uploads\/2024\/09\/image121-18x10.jpeg 18w, https:\/\/lifepact.kegw.krakow.pl\/wp-content\/uploads\/2024\/09\/image121.jpeg 1387w\" sizes=\"(max-width: 1024px) 100vw, 1024px\" \/>\t\t\t\t\t\t\t\t\t\t\t\t\t\t\t<\/div>\n\t\t\t\t<\/div>\n\t\t\t\t<\/div>\n\t\t<div class=\"elementor-element elementor-element-a69c716 e-con-full e-flex e-con e-child\" data-id=\"a69c716\" data-element_type=\"container\">\n\t\t\t\t<div class=\"elementor-element elementor-element-94011c1 elementor-widget__width-initial elementor-widget elementor-widget-image\" data-id=\"94011c1\" data-element_type=\"widget\" data-widget_type=\"image.default\">\n\t\t\t\t<div class=\"elementor-widget-container\">\n\t\t\t\t\t\t\t\t\t\t\t\t\t\t\t<img decoding=\"async\" width=\"1024\" height=\"506\" src=\"https:\/\/lifepact.kegw.krakow.pl\/wp-content\/uploads\/2024\/09\/image144-1024x506.jpeg\" class=\"attachment-large size-large wp-image-498\" alt=\"\" srcset=\"https:\/\/lifepact.kegw.krakow.pl\/wp-content\/uploads\/2024\/09\/image144-1024x506.jpeg 1024w, https:\/\/lifepact.kegw.krakow.pl\/wp-content\/uploads\/2024\/09\/image144-300x148.jpeg 300w, https:\/\/lifepact.kegw.krakow.pl\/wp-content\/uploads\/2024\/09\/image144-768x380.jpeg 768w, https:\/\/lifepact.kegw.krakow.pl\/wp-content\/uploads\/2024\/09\/image144-18x9.jpeg 18w, https:\/\/lifepact.kegw.krakow.pl\/wp-content\/uploads\/2024\/09\/image144.jpeg 1387w\" sizes=\"(max-width: 1024px) 100vw, 1024px\" \/>\t\t\t\t\t\t\t\t\t\t\t\t\t\t\t<\/div>\n\t\t\t\t<\/div>\n\t\t\t\t<\/div>\n\t\t<div class=\"elementor-element elementor-element-8179593 e-con-full e-flex e-con e-child\" data-id=\"8179593\" data-element_type=\"container\">\n\t\t\t\t<div class=\"elementor-element elementor-element-44a68b1 elementor-widget elementor-widget-image\" data-id=\"44a68b1\" data-element_type=\"widget\" data-widget_type=\"image.default\">\n\t\t\t\t<div class=\"elementor-widget-container\">\n\t\t\t\t\t\t\t\t\t\t\t\t\t\t\t<img loading=\"lazy\" decoding=\"async\" width=\"1024\" height=\"576\" src=\"https:\/\/lifepact.kegw.krakow.pl\/wp-content\/uploads\/2024\/09\/image118-1024x576.jpeg\" class=\"attachment-large size-large wp-image-474\" alt=\"\" srcset=\"https:\/\/lifepact.kegw.krakow.pl\/wp-content\/uploads\/2024\/09\/image118-1024x576.jpeg 1024w, https:\/\/lifepact.kegw.krakow.pl\/wp-content\/uploads\/2024\/09\/image118-300x169.jpeg 300w, https:\/\/lifepact.kegw.krakow.pl\/wp-content\/uploads\/2024\/09\/image118-768x432.jpeg 768w, https:\/\/lifepact.kegw.krakow.pl\/wp-content\/uploads\/2024\/09\/image118-18x10.jpeg 18w, https:\/\/lifepact.kegw.krakow.pl\/wp-content\/uploads\/2024\/09\/image118.jpeg 1387w\" sizes=\"(max-width: 1024px) 100vw, 1024px\" \/>\t\t\t\t\t\t\t\t\t\t\t\t\t\t\t<\/div>\n\t\t\t\t<\/div>\n\t\t\t\t<\/div>\n\t\t\t\t<\/div>\n\t\t<div class=\"elementor-element elementor-element-c90b430 e-con-full e-flex e-con e-parent\" data-id=\"c90b430\" data-element_type=\"container\">\n\t\t\t\t<div class=\"elementor-element elementor-element-9e8b703 elementor-widget elementor-widget-text-editor\" data-id=\"9e8b703\" data-element_type=\"widget\" data-widget_type=\"text-editor.default\">\n\t\t\t\t<div class=\"elementor-widget-container\">\n\t\t\t\t\t\t\t\t\t<p>Drugie spotkanie, kt\u00f3re odby\u0142o si\u0119 ostatniego dnia listopada, s\u0142u\u017cy\u0142o przedstawieniu projekt\u00f3w. Jak zaniedbany osiedlowy skwer zamieni si\u0119 w\u00a0atrakcyjne miejsce pe\u0142ne zieleni i\u00a0daj\u0105ce mo\u017cliwo\u015bci odpoczynku w\u00a0mie\u015bcie? Mo\u017cna to\u00a0zobaczy\u0107 na\u00a0wizualizacjach, kt\u00f3re pokazali projektanci.<\/p><p>Na\u00a0pierwszym spotkaniu ustalono, \u017ce\u00a0skwer potrzebuje \u0142awek, przede wszystkim dla wygody senior\u00f3w i\u00a0m\u0142odzie\u017cy, kt\u00f3ra\u00a0w\u00a0przerwach mi\u0119dzy lekcjami b\u0119dzie mog\u0142a z\u00a0nich skorzysta\u0107.<\/p><p>Proponowano wykorzystanie paneli fotowoltaicznych do\u00a0zasilania w\u00a0tym miejscu o\u015bwietlenia oraz\u00a0monitoringu. Bezpiecze\u0144stwo jest bowiem dla mieszka\u0144c\u00f3w tej\u00a0okolicy bardzo wa\u017cne.<\/p><p>Zgodnie te\u017c przyznawano, \u017ce\u00a0szpeci to\u00a0miejsce dzika infrastruktura samochodowa i\u00a0nawierzchnia z\u00a0betonowych p\u0142yt poprzerastanych traw\u0105.<\/p>\t\t\t\t\t\t\t\t<\/div>\n\t\t\t\t<\/div>\n\t\t\t\t<\/div>\n\t\t<div class=\"elementor-element elementor-element-d3a7ffa e-con-full e-flex e-con e-parent\" data-id=\"d3a7ffa\" data-element_type=\"container\">\n\t\t<div class=\"elementor-element elementor-element-65ccff7 e-con-full e-flex e-con e-child\" data-id=\"65ccff7\" data-element_type=\"container\">\n\t\t\t\t<div class=\"elementor-element elementor-element-8290858 elementor-widget elementor-widget-image\" data-id=\"8290858\" data-element_type=\"widget\" data-widget_type=\"image.default\">\n\t\t\t\t<div class=\"elementor-widget-container\">\n\t\t\t\t\t\t\t\t\t\t\t\t\t\t\t<img loading=\"lazy\" decoding=\"async\" width=\"1024\" height=\"576\" src=\"https:\/\/lifepact.kegw.krakow.pl\/wp-content\/uploads\/2024\/12\/DJI_0381-1024x576.jpg\" class=\"attachment-large size-large wp-image-781\" alt=\"\" srcset=\"https:\/\/lifepact.kegw.krakow.pl\/wp-content\/uploads\/2024\/12\/DJI_0381-1024x576.jpg 1024w, https:\/\/lifepact.kegw.krakow.pl\/wp-content\/uploads\/2024\/12\/DJI_0381-300x169.jpg 300w, https:\/\/lifepact.kegw.krakow.pl\/wp-content\/uploads\/2024\/12\/DJI_0381-768x432.jpg 768w, https:\/\/lifepact.kegw.krakow.pl\/wp-content\/uploads\/2024\/12\/DJI_0381-1536x864.jpg 1536w, https:\/\/lifepact.kegw.krakow.pl\/wp-content\/uploads\/2024\/12\/DJI_0381-2048x1152.jpg 2048w, https:\/\/lifepact.kegw.krakow.pl\/wp-content\/uploads\/2024\/12\/DJI_0381-18x10.jpg 18w\" sizes=\"(max-width: 1024px) 100vw, 1024px\" \/>\t\t\t\t\t\t\t\t\t\t\t\t\t\t\t<\/div>\n\t\t\t\t<\/div>\n\t\t\t\t<\/div>\n\t\t<div class=\"elementor-element elementor-element-82ff517 e-con-full e-flex e-con e-child\" data-id=\"82ff517\" data-element_type=\"container\">\n\t\t\t\t<div class=\"elementor-element elementor-element-7ad5fa0 elementor-widget elementor-widget-image\" data-id=\"7ad5fa0\" data-element_type=\"widget\" data-widget_type=\"image.default\">\n\t\t\t\t<div class=\"elementor-widget-container\">\n\t\t\t\t\t\t\t\t\t\t\t\t\t\t\t<img loading=\"lazy\" decoding=\"async\" width=\"1024\" height=\"576\" src=\"https:\/\/lifepact.kegw.krakow.pl\/wp-content\/uploads\/2023\/12\/DJI_0326-1024x576.jpg\" class=\"attachment-large size-large wp-image-1335\" alt=\"\" srcset=\"https:\/\/lifepact.kegw.krakow.pl\/wp-content\/uploads\/2023\/12\/DJI_0326-1024x576.jpg 1024w, https:\/\/lifepact.kegw.krakow.pl\/wp-content\/uploads\/2023\/12\/DJI_0326-300x169.jpg 300w, https:\/\/lifepact.kegw.krakow.pl\/wp-content\/uploads\/2023\/12\/DJI_0326-768x432.jpg 768w, https:\/\/lifepact.kegw.krakow.pl\/wp-content\/uploads\/2023\/12\/DJI_0326-1536x864.jpg 1536w, https:\/\/lifepact.kegw.krakow.pl\/wp-content\/uploads\/2023\/12\/DJI_0326-2048x1152.jpg 2048w, https:\/\/lifepact.kegw.krakow.pl\/wp-content\/uploads\/2023\/12\/DJI_0326-18x10.jpg 18w\" sizes=\"(max-width: 1024px) 100vw, 1024px\" \/>\t\t\t\t\t\t\t\t\t\t\t\t\t\t\t<\/div>\n\t\t\t\t<\/div>\n\t\t\t\t<\/div>\n\t\t<div class=\"elementor-element elementor-element-678fad4 e-con-full e-flex e-con e-child\" data-id=\"678fad4\" data-element_type=\"container\">\n\t\t\t\t<div class=\"elementor-element elementor-element-fe444bf elementor-widget elementor-widget-image\" data-id=\"fe444bf\" data-element_type=\"widget\" data-widget_type=\"image.default\">\n\t\t\t\t<div class=\"elementor-widget-container\">\n\t\t\t\t\t\t\t\t\t\t\t\t\t\t\t<img loading=\"lazy\" decoding=\"async\" width=\"1024\" height=\"462\" src=\"https:\/\/lifepact.kegw.krakow.pl\/wp-content\/uploads\/2023\/12\/20241008_110947-1-1024x462.jpg\" class=\"attachment-large size-large wp-image-1333\" alt=\"\" srcset=\"https:\/\/lifepact.kegw.krakow.pl\/wp-content\/uploads\/2023\/12\/20241008_110947-1-1024x462.jpg 1024w, https:\/\/lifepact.kegw.krakow.pl\/wp-content\/uploads\/2023\/12\/20241008_110947-1-300x135.jpg 300w, https:\/\/lifepact.kegw.krakow.pl\/wp-content\/uploads\/2023\/12\/20241008_110947-1-768x346.jpg 768w, https:\/\/lifepact.kegw.krakow.pl\/wp-content\/uploads\/2023\/12\/20241008_110947-1-1536x692.jpg 1536w, https:\/\/lifepact.kegw.krakow.pl\/wp-content\/uploads\/2023\/12\/20241008_110947-1-2048x923.jpg 2048w, https:\/\/lifepact.kegw.krakow.pl\/wp-content\/uploads\/2023\/12\/20241008_110947-1-18x8.jpg 18w\" sizes=\"(max-width: 1024px) 100vw, 1024px\" \/>\t\t\t\t\t\t\t\t\t\t\t\t\t\t\t<\/div>\n\t\t\t\t<\/div>\n\t\t\t\t<\/div>\n\t\t<div class=\"elementor-element elementor-element-1c269e8 e-con-full e-flex e-con e-child\" data-id=\"1c269e8\" data-element_type=\"container\">\n\t\t\t\t<div class=\"elementor-element elementor-element-d3732fa elementor-widget elementor-widget-image\" data-id=\"d3732fa\" data-element_type=\"widget\" data-widget_type=\"image.default\">\n\t\t\t\t<div class=\"elementor-widget-container\">\n\t\t\t\t\t\t\t\t\t\t\t\t\t\t\t<img loading=\"lazy\" decoding=\"async\" width=\"1024\" height=\"462\" src=\"https:\/\/lifepact.kegw.krakow.pl\/wp-content\/uploads\/2023\/12\/20241008_112149-1024x462.jpg\" class=\"attachment-large size-large wp-image-1334\" alt=\"\" srcset=\"https:\/\/lifepact.kegw.krakow.pl\/wp-content\/uploads\/2023\/12\/20241008_112149-1024x462.jpg 1024w, https:\/\/lifepact.kegw.krakow.pl\/wp-content\/uploads\/2023\/12\/20241008_112149-300x135.jpg 300w, https:\/\/lifepact.kegw.krakow.pl\/wp-content\/uploads\/2023\/12\/20241008_112149-768x346.jpg 768w, https:\/\/lifepact.kegw.krakow.pl\/wp-content\/uploads\/2023\/12\/20241008_112149-1536x692.jpg 1536w, https:\/\/lifepact.kegw.krakow.pl\/wp-content\/uploads\/2023\/12\/20241008_112149-2048x923.jpg 2048w, https:\/\/lifepact.kegw.krakow.pl\/wp-content\/uploads\/2023\/12\/20241008_112149-18x8.jpg 18w\" sizes=\"(max-width: 1024px) 100vw, 1024px\" \/>\t\t\t\t\t\t\t\t\t\t\t\t\t\t\t<\/div>\n\t\t\t\t<\/div>\n\t\t\t\t<\/div>\n\t\t\t\t<\/div>\n\t\t<div class=\"elementor-element elementor-element-b006742 e-con-full e-flex e-con e-parent\" data-id=\"b006742\" data-element_type=\"container\">\n\t\t\t\t<div class=\"elementor-element elementor-element-f7d8b2c elementor-widget elementor-widget-text-editor\" data-id=\"f7d8b2c\" data-element_type=\"widget\" data-widget_type=\"text-editor.default\">\n\t\t\t\t<div class=\"elementor-widget-container\">\n\t\t\t\t\t\t\t\t\t<p>Wsp\u00f3lnie ustalono, \u017ce\u00a0potrzebna tam jest ro\u015blinno\u015b\u0107. G\u0119sta i\u00a0\u0142atwa w\u00a0utrzymaniu, usytuowana w\u00a0g\u0142\u0119bi dzia\u0142ki i\u00a0od\u00a0strony ul.\u00a0Ehrenberga. Skwer ma\u00a0wi\u0119c\u00a0si\u0119 zazieleni\u0107 nowymi krzewami, traw\u0105 i\u00a0ro\u015blinami ozdobnymi.<\/p><p>W\u00a0czasie drugiego spotkania do\u00a0pomys\u0142\u00f3w ju\u017c wcze\u015bniej uzgodnionych dodano konieczno\u015b\u0107 postawienia koszy na\u00a0\u015bmieci i\u00a0stojaka dla rower\u00f3w.<\/p><p><strong>Miasto na\u015bladuje natur\u0119<\/strong><\/p><p>The aim of the Life Pact project, funded by the European Commission, is to build local partnerships and support nature-inspired initiatives in the city. Krakow residents decide on their immediate surroundings, leading to the transformation of several plots of land located close to residential areas.<\/p><p>Metoda na wprowadzenie w aglomeracjach miejskich wi\u0119kszej ilo\u015bci zieleni i kwiat\u00f3w to rozwi\u0105zanie typu nature-based solutions (NBS), kt\u00f3re zak\u0142ada, \u017ce zamiast walczy\u0107 z przyrod\u0105, trzeba z ni\u0105 wsp\u00f3\u0142pracowa\u0107, poniewa\u017c dzi\u0119ki temu gospodarka i spo\u0142ecze\u0144stwo b\u0119d\u0105 mog\u0142y lepiej wykorzystywa\u0107 zasoby, funkcjonowa\u0107 w bardziej ekologiczny spos\u00f3b i zyska\u0107 wi\u0119ksz\u0105 odporno\u015b\u0107. Te wa\u017cne spo\u0142eczne inicjatywy przygotowuj\u0105ce nas na zmiany klimatyczne, w\u0142a\u015bnie s\u0105 przenoszone na krakowski grunt.\u00a0<\/p>\t\t\t\t\t\t\t\t<\/div>\n\t\t\t\t<\/div>\n\t\t\t\t<\/div>\n\t\t\t\t<\/div>","protected":false},"excerpt":{"rendered":"<p>Five locations for which Krak\u00f3w received EU funding will be transformed to adapt the capital of Ma\u0142opolska to climate change. One of these places is the currently concrete-covered area at the intersection of Ehrenberga and Che\u0142mo\u0144skiego streets in Azory. It will soon become a green enclave, the design of which was largely decided by the residents themselves. What will this square look like? The coordinator of the Life Pact project, funded by the European Commission, is the municipal unit [...]<\/p>","protected":false},"author":6,"featured_media":289,"comment_status":"open","ping_status":"open","sticky":false,"template":"","format":"standard","meta":{"footnotes":""},"categories":[2],"tags":[15,14,6,8,13],"class_list":["post-288","post","type-post","status-publish","format-standard","has-post-thumbnail","hentry","category-aktualnosci","tag-chelmonskiego","tag-ehrenberga","tag-life-pact","tag-nbs","tag-ziw"],"_links":{"self":[{"href":"https:\/\/lifepact.kegw.krakow.pl\/en\/wp-json\/wp\/v2\/posts\/288","targetHints":{"allow":["GET"]}}],"collection":[{"href":"https:\/\/lifepact.kegw.krakow.pl\/en\/wp-json\/wp\/v2\/posts"}],"about":[{"href":"https:\/\/lifepact.kegw.krakow.pl\/en\/wp-json\/wp\/v2\/types\/post"}],"author":[{"embeddable":true,"href":"https:\/\/lifepact.kegw.krakow.pl\/en\/wp-json\/wp\/v2\/users\/6"}],"replies":[{"embeddable":true,"href":"https:\/\/lifepact.kegw.krakow.pl\/en\/wp-json\/wp\/v2\/comments?post=288"}],"version-history":[{"count":13,"href":"https:\/\/lifepact.kegw.krakow.pl\/en\/wp-json\/wp\/v2\/posts\/288\/revisions"}],"predecessor-version":[{"id":1338,"href":"https:\/\/lifepact.kegw.krakow.pl\/en\/wp-json\/wp\/v2\/posts\/288\/revisions\/1338"}],"wp:featuredmedia":[{"embeddable":true,"href":"https:\/\/lifepact.kegw.krakow.pl\/en\/wp-json\/wp\/v2\/media\/289"}],"wp:attachment":[{"href":"https:\/\/lifepact.kegw.krakow.pl\/en\/wp-json\/wp\/v2\/media?parent=288"}],"wp:term":[{"taxonomy":"category","embeddable":true,"href":"https:\/\/lifepact.kegw.krakow.pl\/en\/wp-json\/wp\/v2\/categories?post=288"},{"taxonomy":"post_tag","embeddable":true,"href":"https:\/\/lifepact.kegw.krakow.pl\/en\/wp-json\/wp\/v2\/tags?post=288"}],"curies":[{"name":"wp","href":"https:\/\/api.w.org\/{rel}","templated":true}]}}