{"id":301,"date":"2023-12-07T07:44:00","date_gmt":"2023-12-07T06:44:00","guid":{"rendered":"https:\/\/lifepact.kegw.krakow.pl\/?p=301"},"modified":"2025-05-07T13:00:13","modified_gmt":"2025-05-07T11:00:13","slug":"nowe-oblicze-monte-cassino-wiecej-zieleni-i-miejsce-do-odpoczynku","status":"publish","type":"post","link":"https:\/\/lifepact.kegw.krakow.pl\/en\/2023\/12\/07\/nowe-oblicze-monte-cassino-wiecej-zieleni-i-miejsce-do-odpoczynku\/","title":{"rendered":"A new face for Monte Cassino. More greenery and a place to relax."},"content":{"rendered":"<div data-elementor-type=\"wp-post\" data-elementor-id=\"301\" class=\"elementor elementor-301\">\n\t\t\t\t<div class=\"elementor-element elementor-element-caa3e74 e-con-full e-flex e-con e-parent\" data-id=\"caa3e74\" data-element_type=\"container\">\n\t\t\t\t<div class=\"elementor-element elementor-element-f75e9bc elementor-widget elementor-widget-text-editor\" data-id=\"f75e9bc\" data-element_type=\"widget\" data-widget_type=\"text-editor.default\">\n\t\t\t\t<div class=\"elementor-widget-container\">\n\t\t\t\t\t\t\t\t\t<p>Cz\u0119\u015b\u0107 zmian ju\u017c wida\u0107, ale\u00a0kolejne jeszcze przed\u00a0nami. Przy ul.\u00a0Monte Cassino ma\u00a0powsta\u0107 zielony skwer, kt\u00f3rego\u00a0projekt powstaje z\u00a0udzia\u0142em mieszka\u0144c\u00f3w.<\/p><p>Utworzenie zielonego skweru przy ul.\u00a0Monte Cassino to\u00a0jedno z\u00a0kilku zada\u0144, kt\u00f3re ma\u00a0zosta\u0107 zrealizowane przez\u00a0jednostk\u0119 Klimat-Energia-Gospodarka Wodna w\u00a0ramach projektu LIFE PACT. Krak\u00f3w, we\u00a0wsp\u00f3\u0142pracy z\u00a0Madrytem i\u00a0Leuven, pozyska\u0142 \u015brodki z\u00a0Komisji Europejskiej na\u00a0\u201einicjatywy na\u015bladuj\u0105ce natur\u0119\u201d. W\u00a0Krakowie wytypowanych zosta\u0142o pi\u0119\u0107 lokalizacji, kt\u00f3re dzi\u0119ki inwestycjom maj\u0105 sta\u0107 si\u0119 bardziej zielone oraz\u00a0przyjazne dla mieszka\u0144c\u00f3w i\u00a0\u015brodowiska: przy ulicach Strzelc\u00f3w, Witosa, Banacha, Monte Cassino i\u00a0Ehrenberga.<\/p><p><strong>R\u00f3\u017cne funkcje zieleni<\/strong><\/p><p>W\u00a0sprawie skweru przy ul.\u00a0Monte Cassino pierwsze spotkanie z\u00a0mieszka\u0144cami odby\u0142o si\u0119 w\u00a0pa\u017adzierniku. Uczestnicy zwr\u00f3cili uwag\u0119 m.in.\u00a0na\u00a0to, by\u00a0od\u00a0strony ulicy pojawi\u0142a si\u0119 mo\u017cliwie g\u0119sta, wysoka ro\u015blinno\u015b\u0107 \u2013 tak, by\u00a0odizolowa\u0107 skwer od\u00a0ha\u0142asu i\u00a0zanieczyszcze\u0144 ruchliwej arterii. Ni\u017csza ziele\u0144 mia\u0142aby si\u0119 pojawi\u0107 w\u00a0drugim rz\u0119dzie.<\/p><p>Uczestnicy spotkania zwracali uwag\u0119, by\u00a0by\u0142a to\u00a0ziele\u0144 adekwatna do\u00a0warunk\u00f3w glebowych i\u00a0klimatycznych, oraz\u00a0by\u00a0by\u0142a bezpieczna, np.\u00a0bez\u00a0kolczastych gatunk\u00f3w.<\/p><p>Mieszka\u0144cy proponowali te\u017c ro\u015blinno\u015b\u0107 od\u00a0strony ul.\u00a0D\u0119bowej, ale\u00a0w\u00a0nieco innej funkcji \u2013 mia\u0142aby ona zapobiega\u0107 wbiegni\u0119ciu na\u00a0ulic\u0119 przez\u00a0dzieci korzystaj\u0105ce ze\u00a0skweru.<\/p><p>W\u015br\u00f3d wypowiedzi przewija\u0142a si\u0119 potrzeba zastosowania zieleni wysokiej \u2013 tak, by\u00a0mo\u017cna by\u0142o si\u0119 tam schroni\u0107 w\u00a0cieniu w\u00a0upalne dni.<\/p>\t\t\t\t\t\t\t\t<\/div>\n\t\t\t\t<\/div>\n\t\t\t\t<\/div>\n\t\t<div class=\"elementor-element elementor-element-03ec839 e-grid e-con-full e-con e-parent\" data-id=\"03ec839\" data-element_type=\"container\">\n\t\t\t\t<div class=\"elementor-element elementor-element-a45160b elementor-widget elementor-widget-image\" data-id=\"a45160b\" data-element_type=\"widget\" data-widget_type=\"image.default\">\n\t\t\t\t<div class=\"elementor-widget-container\">\n\t\t\t\t\t\t\t\t\t\t\t\t\t\t\t<img fetchpriority=\"high\" decoding=\"async\" width=\"1024\" height=\"576\" src=\"https:\/\/lifepact.kegw.krakow.pl\/wp-content\/uploads\/2023\/12\/image125.jpeg\" class=\"attachment-large size-large wp-image-305\" alt=\"\" srcset=\"https:\/\/lifepact.kegw.krakow.pl\/wp-content\/uploads\/2023\/12\/image125.jpeg 1024w, https:\/\/lifepact.kegw.krakow.pl\/wp-content\/uploads\/2023\/12\/image125-300x169.jpeg 300w, https:\/\/lifepact.kegw.krakow.pl\/wp-content\/uploads\/2023\/12\/image125-768x432.jpeg 768w, https:\/\/lifepact.kegw.krakow.pl\/wp-content\/uploads\/2023\/12\/image125-18x10.jpeg 18w\" sizes=\"(max-width: 1024px) 100vw, 1024px\" \/>\t\t\t\t\t\t\t\t\t\t\t\t\t\t\t<\/div>\n\t\t\t\t<\/div>\n\t\t\t\t<div class=\"elementor-element elementor-element-6cdd298 elementor-widget elementor-widget-image\" data-id=\"6cdd298\" data-element_type=\"widget\" data-widget_type=\"image.default\">\n\t\t\t\t<div class=\"elementor-widget-container\">\n\t\t\t\t\t\t\t\t\t\t\t\t\t\t\t<img decoding=\"async\" width=\"1024\" height=\"576\" src=\"https:\/\/lifepact.kegw.krakow.pl\/wp-content\/uploads\/2023\/12\/image126-1.jpeg\" class=\"attachment-large size-large wp-image-307\" alt=\"\" srcset=\"https:\/\/lifepact.kegw.krakow.pl\/wp-content\/uploads\/2023\/12\/image126-1.jpeg 1024w, https:\/\/lifepact.kegw.krakow.pl\/wp-content\/uploads\/2023\/12\/image126-1-300x169.jpeg 300w, https:\/\/lifepact.kegw.krakow.pl\/wp-content\/uploads\/2023\/12\/image126-1-768x432.jpeg 768w, https:\/\/lifepact.kegw.krakow.pl\/wp-content\/uploads\/2023\/12\/image126-1-18x10.jpeg 18w\" sizes=\"(max-width: 1024px) 100vw, 1024px\" \/>\t\t\t\t\t\t\t\t\t\t\t\t\t\t\t<\/div>\n\t\t\t\t<\/div>\n\t\t\t\t<\/div>\n\t\t<div class=\"elementor-element elementor-element-e09da54 e-con-full e-flex e-con e-parent\" data-id=\"e09da54\" data-element_type=\"container\">\n\t\t\t\t<div class=\"elementor-element elementor-element-882041c elementor-widget elementor-widget-text-editor\" data-id=\"882041c\" data-element_type=\"widget\" data-widget_type=\"text-editor.default\">\n\t\t\t\t<div class=\"elementor-widget-container\">\n\t\t\t\t\t\t\t\t\t<p><strong>Co\u00a0ustawi\u0107?<\/strong><\/p><p>Mieszka\u0144cy zg\u0142aszali potrzeb\u0119 ustawienia \u0142awek. Chc\u0105, by\u00a0by\u0142y usytuowane mo\u017cliwie w\u00a0cieniu, lepiej w\u00a0pewnym oddaleniu od\u00a0g\u0142\u00f3wnej drogi. Wol\u0105, by\u00a0zamontowano wi\u0119cej kr\u00f3tszych \u0142awek ni\u017c mniej, a\u00a0d\u0142u\u017cszych.<\/p><p>\u0141awki, wed\u0142ug g\u0142os\u00f3w mieszka\u0144c\u00f3w, powinny mie\u0107 oparcia, a\u00a0przy cz\u0119\u015bci z\u00a0nich powinny si\u0119 znale\u017a\u0107 stoliki. Musz\u0105 by\u0107 odporne i\u00a0\u0142atwe w\u00a0utrzymaniu. Pojawi\u0142y si\u0119 te\u017c propozycje ustawienia \u0142awek solarnych \u2013 w\u00a0miar\u0119 mo\u017cliwo\u015bci technicznych.<\/p><p>Uczestnicy warsztat\u00f3w oczekuj\u0105, by\u00a0projekt zak\u0142ada\u0142 w\u00a0przysz\u0142o\u015bci monta\u017c o\u015bwietlenia, by\u00a0r\u00f3wnie\u017c po\u00a0zmroku m\u00f3c si\u0119 tam czu\u0107 bezpiecznie. W\u00a0planie s\u0105\u00a0r\u00f3wnie\u017c kosze na\u00a0\u015bmieci z\u00a0popielniczkami.<\/p><p>Mieszka\u0144cy nie\u00a0chc\u0105 natomiast ekran\u00f3w akustycznych, le\u017cak\u00f3w, \u0142awek bez\u00a0opar\u0107 czy\u00a0ro\u015blin dobranych nieadekwatnie do\u00a0warunk\u00f3w miejsca.<\/p><p><strong>Drugie spotkanie<\/strong><\/p><p>\u2013 Na\u00a0podstawie zebranych pomys\u0142\u00f3w projektanci z\u00a0firmy Land Art Projekt przygotowa\u0142y wst\u0119pn\u0105 koncepcj\u0119 zagospodarowania terenu przy ul.\u00a0Monte Cassino i\u00a0ul.\u00a0D\u0119bowej i\u00a0przedstawi\u0105 j\u0105\u00a0mieszka\u0144com na\u00a0nast\u0119pnym spotkaniu \u2013 zapowiada Magdalena Wasiak z\u00a0KEGW.<\/p><p>Spotkanie z\u00a0mieszka\u0144cami w\u00a0sprawie ul.\u00a0Monte Cassino odb\u0119dzie si\u0119 w\u00a0poniedzia\u0142ek 11 grudnia o\u00a0godz.\u00a017.30 w\u00a0Szkole Podstawowej nr\u00a030 przy ul.\u00a0Konfederackiej 12.<\/p>\t\t\t\t\t\t\t\t<\/div>\n\t\t\t\t<\/div>\n\t\t\t\t<\/div>\n\t\t<div class=\"elementor-element elementor-element-ede1d1b e-grid e-con-full e-con e-parent\" data-id=\"ede1d1b\" data-element_type=\"container\">\n\t\t\t\t<div class=\"elementor-element elementor-element-c71210e elementor-widget elementor-widget-image\" data-id=\"c71210e\" data-element_type=\"widget\" data-widget_type=\"image.default\">\n\t\t\t\t<div class=\"elementor-widget-container\">\n\t\t\t\t\t\t\t\t\t\t\t\t\t\t\t<img decoding=\"async\" width=\"1024\" height=\"768\" src=\"https:\/\/lifepact.kegw.krakow.pl\/wp-content\/uploads\/2025\/04\/image11-1024x768.png\" class=\"attachment-large size-large wp-image-176\" alt=\"\" srcset=\"https:\/\/lifepact.kegw.krakow.pl\/wp-content\/uploads\/2025\/04\/image11-1024x768.png 1024w, https:\/\/lifepact.kegw.krakow.pl\/wp-content\/uploads\/2025\/04\/image11-300x225.png 300w, https:\/\/lifepact.kegw.krakow.pl\/wp-content\/uploads\/2025\/04\/image11-768x576.png 768w, https:\/\/lifepact.kegw.krakow.pl\/wp-content\/uploads\/2025\/04\/image11-1536x1152.png 1536w, https:\/\/lifepact.kegw.krakow.pl\/wp-content\/uploads\/2025\/04\/image11-16x12.png 16w, https:\/\/lifepact.kegw.krakow.pl\/wp-content\/uploads\/2025\/04\/image11.png 1600w\" sizes=\"(max-width: 1024px) 100vw, 1024px\" \/>\t\t\t\t\t\t\t\t\t\t\t\t\t\t\t<\/div>\n\t\t\t\t<\/div>\n\t\t\t\t<div class=\"elementor-element elementor-element-9744e14 elementor-widget elementor-widget-image\" data-id=\"9744e14\" data-element_type=\"widget\" data-widget_type=\"image.default\">\n\t\t\t\t<div class=\"elementor-widget-container\">\n\t\t\t\t\t\t\t\t\t\t\t\t\t\t\t<img loading=\"lazy\" decoding=\"async\" width=\"1024\" height=\"768\" src=\"https:\/\/lifepact.kegw.krakow.pl\/wp-content\/uploads\/2023\/12\/image48-1024x768.jpeg\" class=\"attachment-large size-large wp-image-308\" alt=\"\" srcset=\"https:\/\/lifepact.kegw.krakow.pl\/wp-content\/uploads\/2023\/12\/image48-1024x768.jpeg 1024w, https:\/\/lifepact.kegw.krakow.pl\/wp-content\/uploads\/2023\/12\/image48-300x225.jpeg 300w, https:\/\/lifepact.kegw.krakow.pl\/wp-content\/uploads\/2023\/12\/image48-768x576.jpeg 768w, https:\/\/lifepact.kegw.krakow.pl\/wp-content\/uploads\/2023\/12\/image48-1536x1152.jpeg 1536w, https:\/\/lifepact.kegw.krakow.pl\/wp-content\/uploads\/2023\/12\/image48-16x12.jpeg 16w, https:\/\/lifepact.kegw.krakow.pl\/wp-content\/uploads\/2023\/12\/image48.jpeg 1600w\" sizes=\"(max-width: 1024px) 100vw, 1024px\" \/>\t\t\t\t\t\t\t\t\t\t\t\t\t\t\t<\/div>\n\t\t\t\t<\/div>\n\t\t\t\t<div class=\"elementor-element elementor-element-fe634bc elementor-widget elementor-widget-image\" data-id=\"fe634bc\" data-element_type=\"widget\" data-widget_type=\"image.default\">\n\t\t\t\t<div class=\"elementor-widget-container\">\n\t\t\t\t\t\t\t\t\t\t\t\t\t\t\t<img loading=\"lazy\" decoding=\"async\" width=\"1024\" height=\"768\" src=\"https:\/\/lifepact.kegw.krakow.pl\/wp-content\/uploads\/2023\/12\/image46-1024x768.jpeg\" class=\"attachment-large size-large wp-image-309\" alt=\"\" srcset=\"https:\/\/lifepact.kegw.krakow.pl\/wp-content\/uploads\/2023\/12\/image46-1024x768.jpeg 1024w, https:\/\/lifepact.kegw.krakow.pl\/wp-content\/uploads\/2023\/12\/image46-300x225.jpeg 300w, https:\/\/lifepact.kegw.krakow.pl\/wp-content\/uploads\/2023\/12\/image46-768x576.jpeg 768w, https:\/\/lifepact.kegw.krakow.pl\/wp-content\/uploads\/2023\/12\/image46-1536x1152.jpeg 1536w, https:\/\/lifepact.kegw.krakow.pl\/wp-content\/uploads\/2023\/12\/image46-16x12.jpeg 16w, https:\/\/lifepact.kegw.krakow.pl\/wp-content\/uploads\/2023\/12\/image46.jpeg 1600w\" sizes=\"(max-width: 1024px) 100vw, 1024px\" \/>\t\t\t\t\t\t\t\t\t\t\t\t\t\t\t<\/div>\n\t\t\t\t<\/div>\n\t\t\t\t<div class=\"elementor-element elementor-element-36b5c52 elementor-widget elementor-widget-image\" data-id=\"36b5c52\" data-element_type=\"widget\" data-widget_type=\"image.default\">\n\t\t\t\t<div class=\"elementor-widget-container\">\n\t\t\t\t\t\t\t\t\t\t\t\t\t\t\t<img loading=\"lazy\" decoding=\"async\" width=\"1024\" height=\"768\" src=\"https:\/\/lifepact.kegw.krakow.pl\/wp-content\/uploads\/2023\/12\/image49-1024x768.jpeg\" class=\"attachment-large size-large wp-image-310\" alt=\"\" srcset=\"https:\/\/lifepact.kegw.krakow.pl\/wp-content\/uploads\/2023\/12\/image49-1024x768.jpeg 1024w, https:\/\/lifepact.kegw.krakow.pl\/wp-content\/uploads\/2023\/12\/image49-300x225.jpeg 300w, https:\/\/lifepact.kegw.krakow.pl\/wp-content\/uploads\/2023\/12\/image49-768x576.jpeg 768w, https:\/\/lifepact.kegw.krakow.pl\/wp-content\/uploads\/2023\/12\/image49-1536x1152.jpeg 1536w, https:\/\/lifepact.kegw.krakow.pl\/wp-content\/uploads\/2023\/12\/image49-16x12.jpeg 16w, https:\/\/lifepact.kegw.krakow.pl\/wp-content\/uploads\/2023\/12\/image49.jpeg 1600w\" sizes=\"(max-width: 1024px) 100vw, 1024px\" \/>\t\t\t\t\t\t\t\t\t\t\t\t\t\t\t<\/div>\n\t\t\t\t<\/div>\n\t\t\t\t<\/div>\n\t\t\t\t<\/div>","protected":false},"excerpt":{"rendered":"<p>Some changes are already visible, but more are still ahead of us. A green square is planned to be created at Monte Cassino Street, with the project being developed with the involvement of residents. The creation of a green square at Monte Cassino Street is one of several tasks to be carried out by the Climate-Energy-Water Management unit as part of the LIFE PACT project. Krak\u00f3w, in cooperation with Madrid and Leuven, secured funding from the European Commission for \u201cnature-inspired initiatives.\u201d Five locations have been selected in Krak\u00f3w that, thanks to investments [...]<\/p>","protected":false},"author":6,"featured_media":462,"comment_status":"open","ping_status":"open","sticky":false,"template":"","format":"standard","meta":{"footnotes":""},"categories":[2],"tags":[6,10,8,13],"class_list":["post-301","post","type-post","status-publish","format-standard","has-post-thumbnail","hentry","category-aktualnosci","tag-life-pact","tag-monte-cassino","tag-nbs","tag-ziw"],"_links":{"self":[{"href":"https:\/\/lifepact.kegw.krakow.pl\/en\/wp-json\/wp\/v2\/posts\/301","targetHints":{"allow":["GET"]}}],"collection":[{"href":"https:\/\/lifepact.kegw.krakow.pl\/en\/wp-json\/wp\/v2\/posts"}],"about":[{"href":"https:\/\/lifepact.kegw.krakow.pl\/en\/wp-json\/wp\/v2\/types\/post"}],"author":[{"embeddable":true,"href":"https:\/\/lifepact.kegw.krakow.pl\/en\/wp-json\/wp\/v2\/users\/6"}],"replies":[{"embeddable":true,"href":"https:\/\/lifepact.kegw.krakow.pl\/en\/wp-json\/wp\/v2\/comments?post=301"}],"version-history":[{"count":11,"href":"https:\/\/lifepact.kegw.krakow.pl\/en\/wp-json\/wp\/v2\/posts\/301\/revisions"}],"predecessor-version":[{"id":603,"href":"https:\/\/lifepact.kegw.krakow.pl\/en\/wp-json\/wp\/v2\/posts\/301\/revisions\/603"}],"wp:featuredmedia":[{"embeddable":true,"href":"https:\/\/lifepact.kegw.krakow.pl\/en\/wp-json\/wp\/v2\/media\/462"}],"wp:attachment":[{"href":"https:\/\/lifepact.kegw.krakow.pl\/en\/wp-json\/wp\/v2\/media?parent=301"}],"wp:term":[{"taxonomy":"category","embeddable":true,"href":"https:\/\/lifepact.kegw.krakow.pl\/en\/wp-json\/wp\/v2\/categories?post=301"},{"taxonomy":"post_tag","embeddable":true,"href":"https:\/\/lifepact.kegw.krakow.pl\/en\/wp-json\/wp\/v2\/tags?post=301"}],"curies":[{"name":"wp","href":"https:\/\/api.w.org\/{rel}","templated":true}]}}