{"id":317,"date":"2024-01-12T08:27:00","date_gmt":"2024-01-12T07:27:00","guid":{"rendered":"https:\/\/lifepact.kegw.krakow.pl\/?p=317"},"modified":"2025-04-30T13:40:24","modified_gmt":"2025-04-30T11:40:24","slug":"gmina-miejska-krakow-z-wyroznieniem-dla-najbardziej-aktywnego-beneficjenta-srodkow-w-programie-life-w-polsce","status":"publish","type":"post","link":"https:\/\/lifepact.kegw.krakow.pl\/en\/2024\/01\/12\/gmina-miejska-krakow-z-wyroznieniem-dla-najbardziej-aktywnego-beneficjenta-srodkow-w-programie-life-w-polsce\/","title":{"rendered":"The City of Krak\u00f3w awarded a distinction as the most active beneficiary of LIFE program funds in Poland"},"content":{"rendered":"<div data-elementor-type=\"wp-post\" data-elementor-id=\"317\" class=\"elementor elementor-317\">\n\t\t\t\t<div class=\"elementor-element elementor-element-51cfda6 e-con-full e-flex e-con e-parent\" data-id=\"51cfda6\" data-element_type=\"container\">\n\t\t\t\t<div class=\"elementor-element elementor-element-edc12d1 elementor-widget elementor-widget-text-editor\" data-id=\"edc12d1\" data-element_type=\"widget\" data-widget_type=\"text-editor.default\">\n\t\t\t\t<div class=\"elementor-widget-container\">\n\t\t\t\t\t\t\t\t\t<p>Wymiana do\u015bwiadcze\u0144, zapoznania si\u0119 z\u00a0mo\u017cliwo\u015bciami, jakie oferuje Program LIFE i\u00a0nagrodzenie najlepszych praktyk zwi\u0105zanych z\u00a0realizacj\u0105 unijnych program\u00f3w \u2013 tak\u00a0w\u00a0skr\u00f3cie wygl\u0105da\u0142 Dzie\u0144 informacyjny Life 15 lat LIFE z\u00a0NFO\u015aiGW.<\/p>\t\t\t\t\t\t\t\t<\/div>\n\t\t\t\t<\/div>\n\t\t\t\t<\/div>\n\t\t<div class=\"elementor-element elementor-element-e9cf40c e-con-full e-flex e-con e-parent\" data-id=\"e9cf40c\" data-element_type=\"container\">\n\t\t<div class=\"elementor-element elementor-element-fe2d0e5 e-con-full e-flex e-con e-child\" data-id=\"fe2d0e5\" data-element_type=\"container\">\n\t\t\t\t<div class=\"elementor-element elementor-element-d8941d1 elementor-widget elementor-widget-text-editor\" data-id=\"d8941d1\" data-element_type=\"widget\" data-widget_type=\"text-editor.default\">\n\t\t\t\t<div class=\"elementor-widget-container\">\n\t\t\t\t\t\t\t\t\t<p>O\u00a0warto\u015bciach, jakie przynosi Krakowianom projekt oraz\u00a0o\u00a0wynikaj\u0105cych z\u00a0niego korzy\u015bciach finansowych m\u00f3wi\u0142 zast\u0119pca Dyrektora KEGW ds.\u00a0Energii i\u00a0Nowych Technologii dr\u00a0Marek Bogacki. Przedstawiciel GMK odebra\u0142 wyr\u00f3\u017cnienie za\u00a0realizowany w\u00a0Krakowie przez<a href=\"https:\/\/www.facebook.com\/hashtag\/kegw?__eep__=6&amp;__cft__%5b0%5d=AZXknOkO8Z0b6OICbMskeflwtNRnRVrh5YdWMRrjzTWHlKt60pXgumtz-_g4ru7FmJsX8yXfoyI2HhiFu_CWeggpMRIlN2DSAGlIG2oShXEInRW8_d7K7TxDHHOQZJQB6w5Lo2z_CG0VDjc_ukqUkpXAGAuUKqubrAnYvK5j50DGeTOTb5Vlwi1MTZiXVkkFP0c&amp;__tn__=*NK-R\" target=\"_blank\" rel=\"noopener\"> #KEG<\/a>W\u00a0i\u00a0warty prawie 800 tys.euro projekt \u201eLife Pact \u2013 adaptacja miasta do\u00a0potrzeb jutra\u201d. Doceniono tak\u017ce projekt LIFE URBANGREEN realizowany przez\u00a0ZZM.<\/p>\t\t\t\t\t\t\t\t<\/div>\n\t\t\t\t<\/div>\n\t\t\t\t<\/div>\n\t\t<div class=\"elementor-element elementor-element-7cef696 e-con-full e-flex e-con e-child\" data-id=\"7cef696\" data-element_type=\"container\">\n\t\t<div class=\"elementor-element elementor-element-2b3792d e-con-full e-flex e-con e-child\" data-id=\"2b3792d\" data-element_type=\"container\">\n\t\t\t\t<div class=\"elementor-element elementor-element-068f9fc elementor-widget elementor-widget-image\" data-id=\"068f9fc\" data-element_type=\"widget\" data-widget_type=\"image.default\">\n\t\t\t\t<div class=\"elementor-widget-container\">\n\t\t\t\t\t\t\t\t\t\t\t\t\t\t\t<img fetchpriority=\"high\" decoding=\"async\" width=\"1024\" height=\"687\" src=\"https:\/\/lifepact.kegw.krakow.pl\/wp-content\/uploads\/2024\/01\/image71-1024x687.png\" class=\"attachment-large size-large wp-image-324\" alt=\"\" srcset=\"https:\/\/lifepact.kegw.krakow.pl\/wp-content\/uploads\/2024\/01\/image71-1024x687.png 1024w, https:\/\/lifepact.kegw.krakow.pl\/wp-content\/uploads\/2024\/01\/image71-300x201.png 300w, https:\/\/lifepact.kegw.krakow.pl\/wp-content\/uploads\/2024\/01\/image71-768x515.png 768w, https:\/\/lifepact.kegw.krakow.pl\/wp-content\/uploads\/2024\/01\/image71-18x12.png 18w, https:\/\/lifepact.kegw.krakow.pl\/wp-content\/uploads\/2024\/01\/image71.png 1376w\" sizes=\"(max-width: 1024px) 100vw, 1024px\" \/>\t\t\t\t\t\t\t\t\t\t\t\t\t\t\t<\/div>\n\t\t\t\t<\/div>\n\t\t\t\t<\/div>\n\t\t<div class=\"elementor-element elementor-element-894c85c e-con-full e-flex e-con e-child\" data-id=\"894c85c\" data-element_type=\"container\">\n\t\t\t\t<div class=\"elementor-element elementor-element-434cbb9 elementor-widget elementor-widget-image\" data-id=\"434cbb9\" data-element_type=\"widget\" data-widget_type=\"image.default\">\n\t\t\t\t<div class=\"elementor-widget-container\">\n\t\t\t\t\t\t\t\t\t\t\t\t\t\t\t<img decoding=\"async\" width=\"1024\" height=\"577\" src=\"https:\/\/lifepact.kegw.krakow.pl\/wp-content\/uploads\/2024\/01\/image70-1024x577.png\" class=\"attachment-large size-large wp-image-323\" alt=\"\" srcset=\"https:\/\/lifepact.kegw.krakow.pl\/wp-content\/uploads\/2024\/01\/image70-1024x577.png 1024w, https:\/\/lifepact.kegw.krakow.pl\/wp-content\/uploads\/2024\/01\/image70-300x169.png 300w, https:\/\/lifepact.kegw.krakow.pl\/wp-content\/uploads\/2024\/01\/image70-768x433.png 768w, https:\/\/lifepact.kegw.krakow.pl\/wp-content\/uploads\/2024\/01\/image70-18x10.png 18w, https:\/\/lifepact.kegw.krakow.pl\/wp-content\/uploads\/2024\/01\/image70.png 1536w\" sizes=\"(max-width: 1024px) 100vw, 1024px\" \/>\t\t\t\t\t\t\t\t\t\t\t\t\t\t\t<\/div>\n\t\t\t\t<\/div>\n\t\t\t\t<\/div>\n\t\t\t\t<\/div>\n\t\t\t\t<\/div>\n\t\t<div class=\"elementor-element elementor-element-141d83e e-con-full e-flex e-con e-parent\" data-id=\"141d83e\" data-element_type=\"container\">\n\t\t\t\t<div class=\"elementor-element elementor-element-dd16465 elementor-widget elementor-widget-text-editor\" data-id=\"dd16465\" data-element_type=\"widget\" data-widget_type=\"text-editor.default\">\n\t\t\t\t<div class=\"elementor-widget-container\">\n\t\t\t\t\t\t\t\t\t<p>Przypomnijmy, \u017ce\u00a0istot\u0105 projektu realizowanego przez\u00a0<a href=\"https:\/\/www.facebook.com\/kegw.krakow?__cft__%5b0%5d=AZXknOkO8Z0b6OICbMskeflwtNRnRVrh5YdWMRrjzTWHlKt60pXgumtz-_g4ru7FmJsX8yXfoyI2HhiFu_CWeggpMRIlN2DSAGlIG2oShXEInRW8_d7K7TxDHHOQZJQB6w5Lo2z_CG0VDjc_ukqUkpXAGAuUKqubrAnYvK5j50DGeTOTb5Vlwi1MTZiXVkkFP0c&amp;__tn__=-%5dK-R\" target=\"_blank\" rel=\"noopener\">Klimat-Energia-Gospodarka Wodna<\/a> jest budowanie lokalnego partnerstwa i\u00a0wspieranie w\u00a0mie\u015bcie rozwi\u0105za\u0144 na\u015bladuj\u0105cych natur\u0119 tzw. NBS-\u00f3w.<\/p><p>To\u00a0mieszka\u0144cy Krakowa wsp\u00f3lnie z\u00a0urz\u0119dnikami i\u00a0projektantami decyduj\u0105 o\u00a0swoim najbli\u017cszym otoczeniu. Metamorfoz\u0119 kilku krakowskich dzia\u0142ek usytuowanych blisko osiedli mieszkaniowych zaplanowano w\u0142a\u015bnie podczas miejskich warsztat\u00f3w. I\u00a0tak\u00a0w\u00a0Krakowie program \u201eLife Pact\u201d obejmuje pi\u0119\u0107 lokalizacji. To\u00a0skwer przy ul.\u00a0Monte Cassino, plac u\u00a0zbiegu ulic Ehrenberga i\u00a0Che\u0142mo\u0144skiego na\u00a0Azorach, dzia\u0142ka u\u00a0zbiegu ulic Witosa, Go\u0142a\u015bki i\u00a0Marcowej, teren przy Szkole Podstawowej nr\u00a02 przy ul.\u00a0Strzelc\u00f3w oraz\u00a0park przy ul.\u00a0Banacha w\u00a0dzielnicy Pr\u0105dnik Bia\u0142y.<\/p>\t\t\t\t\t\t\t\t<\/div>\n\t\t\t\t<\/div>\n\t\t\t\t<\/div>\n\t\t<div class=\"elementor-element elementor-element-b661853 e-grid e-con-full e-con e-parent\" data-id=\"b661853\" data-element_type=\"container\">\n\t\t\t\t<div class=\"elementor-element elementor-element-b804cfa elementor-widget elementor-widget-image\" data-id=\"b804cfa\" data-element_type=\"widget\" data-widget_type=\"image.default\">\n\t\t\t\t<div class=\"elementor-widget-container\">\n\t\t\t\t\t\t\t\t\t\t\t\t\t\t\t<img decoding=\"async\" width=\"1024\" height=\"576\" src=\"https:\/\/lifepact.kegw.krakow.pl\/wp-content\/uploads\/2023\/12\/image125.jpeg\" class=\"attachment-large size-large wp-image-305\" alt=\"\" srcset=\"https:\/\/lifepact.kegw.krakow.pl\/wp-content\/uploads\/2023\/12\/image125.jpeg 1024w, https:\/\/lifepact.kegw.krakow.pl\/wp-content\/uploads\/2023\/12\/image125-300x169.jpeg 300w, https:\/\/lifepact.kegw.krakow.pl\/wp-content\/uploads\/2023\/12\/image125-768x432.jpeg 768w, https:\/\/lifepact.kegw.krakow.pl\/wp-content\/uploads\/2023\/12\/image125-18x10.jpeg 18w\" sizes=\"(max-width: 1024px) 100vw, 1024px\" \/>\t\t\t\t\t\t\t\t\t\t\t\t\t\t\t<\/div>\n\t\t\t\t<\/div>\n\t\t\t\t<div class=\"elementor-element elementor-element-fc08898 elementor-widget elementor-widget-image\" data-id=\"fc08898\" data-element_type=\"widget\" data-widget_type=\"image.default\">\n\t\t\t\t<div class=\"elementor-widget-container\">\n\t\t\t\t\t\t\t\t\t\t\t\t\t\t\t<img loading=\"lazy\" decoding=\"async\" width=\"1024\" height=\"576\" src=\"https:\/\/lifepact.kegw.krakow.pl\/wp-content\/uploads\/2023\/12\/image126-1.jpeg\" class=\"attachment-large size-large wp-image-307\" alt=\"\" srcset=\"https:\/\/lifepact.kegw.krakow.pl\/wp-content\/uploads\/2023\/12\/image126-1.jpeg 1024w, https:\/\/lifepact.kegw.krakow.pl\/wp-content\/uploads\/2023\/12\/image126-1-300x169.jpeg 300w, https:\/\/lifepact.kegw.krakow.pl\/wp-content\/uploads\/2023\/12\/image126-1-768x432.jpeg 768w, https:\/\/lifepact.kegw.krakow.pl\/wp-content\/uploads\/2023\/12\/image126-1-18x10.jpeg 18w\" sizes=\"(max-width: 1024px) 100vw, 1024px\" \/>\t\t\t\t\t\t\t\t\t\t\t\t\t\t\t<\/div>\n\t\t\t\t<\/div>\n\t\t\t\t<div class=\"elementor-element elementor-element-b3d031f elementor-widget elementor-widget-image\" data-id=\"b3d031f\" data-element_type=\"widget\" data-widget_type=\"image.default\">\n\t\t\t\t<div class=\"elementor-widget-container\">\n\t\t\t\t\t\t\t\t\t\t\t\t\t\t\t<img loading=\"lazy\" decoding=\"async\" width=\"1024\" height=\"576\" src=\"https:\/\/lifepact.kegw.krakow.pl\/wp-content\/uploads\/2024\/01\/image99-1024x576.png\" class=\"attachment-large size-large wp-image-351\" alt=\"\" srcset=\"https:\/\/lifepact.kegw.krakow.pl\/wp-content\/uploads\/2024\/01\/image99-1024x576.png 1024w, https:\/\/lifepact.kegw.krakow.pl\/wp-content\/uploads\/2024\/01\/image99-300x169.png 300w, https:\/\/lifepact.kegw.krakow.pl\/wp-content\/uploads\/2024\/01\/image99-768x432.png 768w, https:\/\/lifepact.kegw.krakow.pl\/wp-content\/uploads\/2024\/01\/image99-1536x864.png 1536w, https:\/\/lifepact.kegw.krakow.pl\/wp-content\/uploads\/2024\/01\/image99-18x10.png 18w, https:\/\/lifepact.kegw.krakow.pl\/wp-content\/uploads\/2024\/01\/image99.png 1920w\" sizes=\"(max-width: 1024px) 100vw, 1024px\" \/>\t\t\t\t\t\t\t\t\t\t\t\t\t\t\t<\/div>\n\t\t\t\t<\/div>\n\t\t\t\t<\/div>\n\t\t\t\t<\/div>","protected":false},"excerpt":{"rendered":"<p>An exchange of experiences, learning about the opportunities offered by the LIFE Program, and awarding the best practices related to the implementation of EU programs \u2013 that\u2019s a brief summary of the Life Information Day marking 15 years of LIFE with the National Fund for Environmental Protection and Water Management (NFO\u015aiGW). Dr. Marek Bogacki, Deputy Director of KEGW for Energy and New Technologies, spoke about the benefits the project brings to Krak\u00f3w\u2019s residents and the resulting financial advantages. A representative of the City of Krak\u00f3w received a distinction for the project implemented in Krak\u00f3w by #KEGW, worth nearly 800,000 euros [\u2026]<\/p>","protected":false},"author":6,"featured_media":346,"comment_status":"open","ping_status":"open","sticky":false,"template":"","format":"standard","meta":{"footnotes":""},"categories":[2],"tags":[6,8,11,13],"class_list":["post-317","post","type-post","status-publish","format-standard","has-post-thumbnail","hentry","category-aktualnosci","tag-life-pact","tag-nbs","tag-rewitalizacja","tag-ziw"],"_links":{"self":[{"href":"https:\/\/lifepact.kegw.krakow.pl\/en\/wp-json\/wp\/v2\/posts\/317","targetHints":{"allow":["GET"]}}],"collection":[{"href":"https:\/\/lifepact.kegw.krakow.pl\/en\/wp-json\/wp\/v2\/posts"}],"about":[{"href":"https:\/\/lifepact.kegw.krakow.pl\/en\/wp-json\/wp\/v2\/types\/post"}],"author":[{"embeddable":true,"href":"https:\/\/lifepact.kegw.krakow.pl\/en\/wp-json\/wp\/v2\/users\/6"}],"replies":[{"embeddable":true,"href":"https:\/\/lifepact.kegw.krakow.pl\/en\/wp-json\/wp\/v2\/comments?post=317"}],"version-history":[{"count":35,"href":"https:\/\/lifepact.kegw.krakow.pl\/en\/wp-json\/wp\/v2\/posts\/317\/revisions"}],"predecessor-version":[{"id":628,"href":"https:\/\/lifepact.kegw.krakow.pl\/en\/wp-json\/wp\/v2\/posts\/317\/revisions\/628"}],"wp:featuredmedia":[{"embeddable":true,"href":"https:\/\/lifepact.kegw.krakow.pl\/en\/wp-json\/wp\/v2\/media\/346"}],"wp:attachment":[{"href":"https:\/\/lifepact.kegw.krakow.pl\/en\/wp-json\/wp\/v2\/media?parent=317"}],"wp:term":[{"taxonomy":"category","embeddable":true,"href":"https:\/\/lifepact.kegw.krakow.pl\/en\/wp-json\/wp\/v2\/categories?post=317"},{"taxonomy":"post_tag","embeddable":true,"href":"https:\/\/lifepact.kegw.krakow.pl\/en\/wp-json\/wp\/v2\/tags?post=317"}],"curies":[{"name":"wp","href":"https:\/\/api.w.org\/{rel}","templated":true}]}}